{"id":402,"date":"2017-11-15T12:09:59","date_gmt":"2017-11-15T12:09:59","guid":{"rendered":"http:\/\/www.ivic.hr\/?p=402"},"modified":"2017-11-25T19:16:35","modified_gmt":"2017-11-25T19:16:35","slug":"rezervirajte-svoj-termin-u-2018-godini-uz-posebne-pogodnosti-na-svim-nasim-lokacijama","status":"publish","type":"post","link":"https:\/\/www.ivic.hr\/?p=402","title":{"rendered":"REZERVIRAJTE SVOJ TERMIN U 2018. godini uz POSEBNE POGODNOSTI NA SVIM NA\u0160IM LOKACIJAMA"},"content":{"rendered":"<p>Catering Ivi\u0107 daje <strong>PROMOTIVNE CIJENE<\/strong> za rezervacije slobodnih termina u <strong>01. i 02. mj.2018. godine<\/strong>.<\/p>\n<p>POSEBNE POGODNOSTI za vjen\u010danja u korizmi.<\/p>\n<p>Tako\u0111er obavje\u0161tavamo da je preostalo jo\u0161 ne\u0161to <strong>SLOBODNIH ATRAKTIVNIH TERMINA u 04., 05., i 06., 07., 08, 09.mj.2018. godin<\/strong>e, te pozivamo sve zainteresirane da nas slobodno kontaktiraju za neobaveznu prezentaciju uz neizostavnu kavicu i fini slatki zalogaj.<\/p>\n<p>Uvijek stojimo i za neobaveznu prezentaciju na\u0161eg lijepog <strong>IMANJA LADU\u010c<\/strong>, te da provjerite za\u0161to ga zovemo &#8220;<strong>VJEN\u010cANJE S POGLEDOM<\/strong>&#8220;.<\/p>\n<p>Va\u0161 Catering Ivi\u0107<\/p>\n<p><a href=\"http:\/\/www.ivic.hr\/wp-content\/uploads\/2017\/11\/IMG_3846-smanjena-1.jpg\"><img loading=\"lazy\" class=\"size-medium wp-image-404 alignleft\" src=\"http:\/\/www.ivic.hr\/wp-content\/uploads\/2017\/11\/IMG_3846-smanjena-1-300x197.jpg\" alt=\"\" width=\"300\" height=\"197\" srcset=\"https:\/\/www.ivic.hr\/wp-content\/uploads\/2017\/11\/IMG_3846-smanjena-1-300x197.jpg 300w, https:\/\/www.ivic.hr\/wp-content\/uploads\/2017\/11\/IMG_3846-smanjena-1-768x504.jpg 768w, https:\/\/www.ivic.hr\/wp-content\/uploads\/2017\/11\/IMG_3846-smanjena-1-1024x672.jpg 1024w, https:\/\/www.ivic.hr\/wp-content\/uploads\/2017\/11\/IMG_3846-smanjena-1.jpg 1500w\" sizes=\"(max-width: 300px) 100vw, 300px\" \/><\/a><a href=\"http:\/\/www.ivic.hr\/wp-content\/uploads\/2016\/09\/Foto_Lea2529.jpg\"><img loading=\"lazy\" class=\" wp-image-359 alignleft\" src=\"http:\/\/www.ivic.hr\/wp-content\/uploads\/2016\/09\/Foto_Lea2529-300x115.jpg\" alt=\"\" width=\"508\" height=\"195\" srcset=\"https:\/\/www.ivic.hr\/wp-content\/uploads\/2016\/09\/Foto_Lea2529-300x115.jpg 300w, https:\/\/www.ivic.hr\/wp-content\/uploads\/2016\/09\/Foto_Lea2529-768x295.jpg 768w, https:\/\/www.ivic.hr\/wp-content\/uploads\/2016\/09\/Foto_Lea2529-1024x394.jpg 1024w, https:\/\/www.ivic.hr\/wp-content\/uploads\/2016\/09\/Foto_Lea2529.jpg 1800w\" sizes=\"(max-width: 508px) 100vw, 508px\" \/><\/a><\/p>\n<p>&nbsp;<\/p>\n","protected":false},"excerpt":{"rendered":"<p>Catering Ivi\u0107 daje PROMOTIVNE CIJENE za rezervacije slobodnih termina u 01. i 02. mj.2018. godine. POSEBNE POGODNOSTI za vjen\u010danja u korizmi. Tako\u0111er obavje\u0161tavamo da je preostalo jo\u0161 ne\u0161to SLOBODNIH ATRAKTIVNIH TERMINA u 04., 05., i 06., 07., 08, 09.mj.2018. godine, te pozivamo sve zainteresirane da nas slobodno kontaktiraju za neobaveznu prezentaciju uz neizostavnu kavicu i [&hellip;]<\/p>\n","protected":false},"author":1,"featured_media":0,"comment_status":"closed","ping_status":"closed","sticky":false,"template":"","format":"standard","meta":[],"categories":[1],"tags":[],"_links":{"self":[{"href":"https:\/\/www.ivic.hr\/index.php?rest_route=\/wp\/v2\/posts\/402"}],"collection":[{"href":"https:\/\/www.ivic.hr\/index.php?rest_route=\/wp\/v2\/posts"}],"about":[{"href":"https:\/\/www.ivic.hr\/index.php?rest_route=\/wp\/v2\/types\/post"}],"author":[{"embeddable":true,"href":"https:\/\/www.ivic.hr\/index.php?rest_route=\/wp\/v2\/users\/1"}],"replies":[{"embeddable":true,"href":"https:\/\/www.ivic.hr\/index.php?rest_route=%2Fwp%2Fv2%2Fcomments&post=402"}],"version-history":[{"count":8,"href":"https:\/\/www.ivic.hr\/index.php?rest_route=\/wp\/v2\/posts\/402\/revisions"}],"predecessor-version":[{"id":412,"href":"https:\/\/www.ivic.hr\/index.php?rest_route=\/wp\/v2\/posts\/402\/revisions\/412"}],"wp:attachment":[{"href":"https:\/\/www.ivic.hr\/index.php?rest_route=%2Fwp%2Fv2%2Fmedia&parent=402"}],"wp:term":[{"taxonomy":"category","embeddable":true,"href":"https:\/\/www.ivic.hr\/index.php?rest_route=%2Fwp%2Fv2%2Fcategories&post=402"},{"taxonomy":"post_tag","embeddable":true,"href":"https:\/\/www.ivic.hr\/index.php?rest_route=%2Fwp%2Fv2%2Ftags&post=402"}],"curies":[{"name":"wp","href":"https:\/\/api.w.org\/{rel}","templated":true}]}}