{"id":379,"date":"2017-02-26T18:43:20","date_gmt":"2017-02-26T18:43:20","guid":{"rendered":"http:\/\/www.ivic.hr\/?p=379"},"modified":"2017-02-26T18:45:06","modified_gmt":"2017-02-26T18:45:06","slug":"ivic-dan-otvorenih-vrata-04-03-2017","status":"publish","type":"post","link":"https:\/\/www.ivic.hr\/?p=379","title":{"rendered":"Ivi\u0107 DAN OTVORENIH VRATA 04.03.2017."},"content":{"rendered":"<p>Catering &amp; Banqueting IVI\u0106,<br \/>\ns veseljem Vas poziva u <strong>subotu 04.03.2017.<\/strong> od 12 do 20 sati na <strong>DAN OTVORENIH VRATA<\/strong>.<\/p>\n<p>Do\u0111ite i uvjerite se za\u0161to su IVI\u0106 LOUNGE i IVI\u0106 LOFT dvorane postale najpopularnija odredi\u0161ta za organizaciju predivnih vjen\u010danja.<br \/>\nUz neizostavni prepoznatljivo ukusni slani ili atraktivni slatki zalogaj, neobavezno porazgovarajte sa profesionalnim organizatorima Cateringa Ivi\u0107 i do\u017eivite da\u0161ak jedinstvenog ambijenta u prijateljskoj atmosferi.<\/p>\n<p>Veselimo se va\u0161em dolasku\u2026<\/p>\n<p>Team Cateringa Ivi\u0107<\/p>\n<p><a href=\"http:\/\/www.ivic.hr\/wp-content\/uploads\/2016\/09\/Foto_Lea2553.jpg\"><img loading=\"lazy\" class=\"size-medium wp-image-360 alignleft\" src=\"http:\/\/www.ivic.hr\/wp-content\/uploads\/2016\/09\/Foto_Lea2553-300x115.jpg\" alt=\"\" width=\"300\" height=\"115\" srcset=\"https:\/\/www.ivic.hr\/wp-content\/uploads\/2016\/09\/Foto_Lea2553-300x115.jpg 300w, https:\/\/www.ivic.hr\/wp-content\/uploads\/2016\/09\/Foto_Lea2553-768x295.jpg 768w, https:\/\/www.ivic.hr\/wp-content\/uploads\/2016\/09\/Foto_Lea2553-1024x394.jpg 1024w, https:\/\/www.ivic.hr\/wp-content\/uploads\/2016\/09\/Foto_Lea2553.jpg 1800w\" sizes=\"(max-width: 300px) 100vw, 300px\" \/><\/a><\/p>\n","protected":false},"excerpt":{"rendered":"<p>Catering &amp; Banqueting IVI\u0106, s veseljem Vas poziva u subotu 04.03.2017. od 12 do 20 sati na DAN OTVORENIH VRATA. Do\u0111ite i uvjerite se za\u0161to su IVI\u0106 LOUNGE i IVI\u0106 LOFT dvorane postale najpopularnija odredi\u0161ta za organizaciju predivnih vjen\u010danja. Uz neizostavni prepoznatljivo ukusni slani ili atraktivni slatki zalogaj, neobavezno porazgovarajte sa profesionalnim organizatorima Cateringa Ivi\u0107 [&hellip;]<\/p>\n","protected":false},"author":1,"featured_media":0,"comment_status":"closed","ping_status":"closed","sticky":false,"template":"","format":"standard","meta":[],"categories":[1],"tags":[],"_links":{"self":[{"href":"https:\/\/www.ivic.hr\/index.php?rest_route=\/wp\/v2\/posts\/379"}],"collection":[{"href":"https:\/\/www.ivic.hr\/index.php?rest_route=\/wp\/v2\/posts"}],"about":[{"href":"https:\/\/www.ivic.hr\/index.php?rest_route=\/wp\/v2\/types\/post"}],"author":[{"embeddable":true,"href":"https:\/\/www.ivic.hr\/index.php?rest_route=\/wp\/v2\/users\/1"}],"replies":[{"embeddable":true,"href":"https:\/\/www.ivic.hr\/index.php?rest_route=%2Fwp%2Fv2%2Fcomments&post=379"}],"version-history":[{"count":3,"href":"https:\/\/www.ivic.hr\/index.php?rest_route=\/wp\/v2\/posts\/379\/revisions"}],"predecessor-version":[{"id":382,"href":"https:\/\/www.ivic.hr\/index.php?rest_route=\/wp\/v2\/posts\/379\/revisions\/382"}],"wp:attachment":[{"href":"https:\/\/www.ivic.hr\/index.php?rest_route=%2Fwp%2Fv2%2Fmedia&parent=379"}],"wp:term":[{"taxonomy":"category","embeddable":true,"href":"https:\/\/www.ivic.hr\/index.php?rest_route=%2Fwp%2Fv2%2Fcategories&post=379"},{"taxonomy":"post_tag","embeddable":true,"href":"https:\/\/www.ivic.hr\/index.php?rest_route=%2Fwp%2Fv2%2Ftags&post=379"}],"curies":[{"name":"wp","href":"https:\/\/api.w.org\/{rel}","templated":true}]}}